{"id":3204,"date":"2023-05-05T14:03:00","date_gmt":"2023-05-05T19:03:00","guid":{"rendered":"https:\/\/fifarma.org\/?p=3204"},"modified":"2024-05-17T12:22:43","modified_gmt":"2024-05-17T17:22:43","slug":"acceso-equitativo-a-la-atencion-y-tratamiento-del-cancer-un-importante-desafio-de-salud-en-america-latina","status":"publish","type":"post","link":"https:\/\/fifarma.org\/pt\/acesso-equitativo-a-cuidados-e-tratamento-do-cancer-um-grande-desafio-para-a-saude-na-america-latina\/","title":{"rendered":"Acesso equitativo a cuidados e tratamento do c\u00e2ncer, um grande desafio para a sa\u00fade na Am\u00e9rica Latina"},"content":{"rendered":"<p class=\"has-small-font-size\"><strong>Crist\u00f3bal Thompson<br>Diretor Executivo<br>Associa\u00e7\u00e3o Mexicana das Ind\u00fastrias de Pesquisa Farmac\u00eautica (AMIIF)<\/strong><\/p>\n\n\n\n<div style=\"height:26px\" aria-hidden=\"true\" class=\"wp-block-spacer\"><\/div>\n\n\n\n<p>Falar sobre sa\u00fade \u00e9 referir-se a uma das principais necessidades dos seres humanos e um fator-chave para a produtividade das na\u00e7\u00f5es e o bem-estar de indiv\u00edduos e fam\u00edlias. A sa\u00fade \u00e9 uma oportunidade e um desafio que compartilhamos na Am\u00e9rica Latina, especialmente quando se trata de doen\u00e7as com alto impacto na vida, como o c\u00e2ncer.<\/p>\n\n\n\n<p>De acordo com um registro da Globocan, na Am\u00e9rica Latina e no Caribe temos um total estimado de 1,5 milh\u00e3o de novos casos de c\u00e2ncer e 700 mil mortes por ano. [1]<\/p>\n\n\n\n<p>Embora seja verdade que, gra\u00e7as \u00e0 inova\u00e7\u00e3o farmac\u00eautica, os pacientes aumentaram significativamente sua expectativa e qualidade de vida, o desafio que compartilhamos na regi\u00e3o \u00e9 que as pessoas tenham acesso \u00e0 inova\u00e7\u00e3o, de maneira equitativa em todos os pa\u00edses, quando precisarem.<\/p>\n\n\n\n<p>Por esse motivo, durante a Semana de Inova\u00e7\u00e3o 2023, que a AMIIF realizou em conjunto com a FIFARMA, realizamos o painel \"Superando desafios no cuidado do c\u00e2ncer\", com a participa\u00e7\u00e3o de representantes de organiza\u00e7\u00f5es civis do M\u00e9xico, Argentina e Col\u00f4mbia.<\/p>\n\n\n\n<p class=\"has-medium-font-size\"><strong>Desafios e solu\u00e7\u00f5es compartilhados<\/strong><\/p>\n\n\n\n<p>Na Am\u00e9rica Latina, a falta de comunica\u00e7\u00e3o e colabora\u00e7\u00e3o, bem como a fragmenta\u00e7\u00e3o dos sistemas de sa\u00fade, s\u00e3o algumas das barreiras que impedem a continuidade do atendimento aos pacientes, que n\u00e3o chegam ao especialista no momento oportuno.<\/p>\n\n\n\n<p>No caso espec\u00edfico do M\u00e9xico, enfrentamos desafios como a detec\u00e7\u00e3o tardia do c\u00e2ncer; cerca de 70 a 80% de todos os c\u00e2nceres s\u00e3o diagnosticados em est\u00e1gios avan\u00e7ados, o que torna o tratamento mais caro e diminui a expectativa de recupera\u00e7\u00e3o dos pacientes.<\/p>\n\n\n\n<p>Al\u00e9m disso, a volatilidade pol\u00edtica tamb\u00e9m afeta a abordagem do c\u00e2ncer e tem um impacto na falta de continuidade das pol\u00edticas p\u00fablicas voltadas para o tratamento do c\u00e2ncer. Por esse motivo, \u00e9 importante focar em marcos regulat\u00f3rios ou legisla\u00e7\u00f5es que garantam a sobreviv\u00eancia de programas e planos para o tratamento dessas doen\u00e7as.<\/p>\n\n\n\n<p>De acordo com os especialistas, outros grandes desafios que a regi\u00e3o enfrenta em termos de atendimento ao c\u00e2ncer s\u00e3o a desigualdade, a falta de informa\u00e7\u00f5es precisas para confirmar os resultados e, portanto, ter diagn\u00f3sticos precisos, bem como a qualidade dos processos. <\/p>\n\n\n\n<p>Um dos Objetivos de Desenvolvimento Sustent\u00e1vel (ODS) \u00e9 reduzir a mortalidade por meio de pol\u00edticas p\u00fablicas abrangentes e universais. Se considerarmos que 33% da mortalidade se deve a doen\u00e7as n\u00e3o transmiss\u00edveis, como o c\u00e2ncer, temos o desafio de ter planos robustos para o tratamento dessa doen\u00e7a. No M\u00e9xico, por exemplo, precisamos de um Plano Nacional que preencha a lacuna entre as necessidades dos pacientes e o atendimento que eles recebem.<\/p>\n\n\n\n<p>Por meio da conscientiza\u00e7\u00e3o, devemos trabalhar como uma regi\u00e3o para obter o diagn\u00f3stico precoce e reduzir o tempo de prescri\u00e7\u00e3o do tratamento. <\/p>\n\n\n\n<p>Em nossa regi\u00e3o, \u00e9 priorit\u00e1rio focar no uso de leis como ferramentas eficazes, sustent\u00e1veis e praticamente irrevers\u00edveis para o controle dessa doen\u00e7a e a redu\u00e7\u00e3o da mortalidade. Da mesma forma, o compartilhamento de informa\u00e7\u00f5es sobre as melhores pr\u00e1ticas na regi\u00e3o nos levar\u00e1 a fechar um c\u00edrculo virtuoso de colabora\u00e7\u00e3o, em que o paciente esteja no centro de todos os esfor\u00e7os.<\/p>\n\n\n\n<div style=\"height:25px\" aria-hidden=\"true\" class=\"wp-block-spacer\"><\/div>\n\n\n\n<hr class=\"wp-block-separator has-alpha-channel-opacity\"\/>\n\n\n\n<p class=\"has-small-font-size\"><a id=\"_ftn1\" href=\"#_ftnref1\">[1]<\/a> Tend\u00eancias na epidemiologia do c\u00e2ncer na Am\u00e9rica Latina e no Caribe. Dados do Globocan 2020. <a href=\"https:\/\/www.fundacionfemeba.org.ar\/blog\/farmacologia-7\/post\/tendencias-de-la-epidemiologia-del-cancer-en-america-latina-y-el-caribe-50191\" target=\"_blank\" rel=\"noreferrer noopener\">https:\/\/www.fundacionfemeba.org.ar\/blog\/farmacologia-7\/post\/tendencias-de-la-epidemiologia-del-cancer-en-america-latina-y-el-caribe-50191<\/a><\/p>\n\n    <div class=\"xs_social_share_widget xs_share_url after_content \t\tmain_content  wslu-style-1 wslu-share-box-shaped wslu-fill-colored wslu-none wslu-share-horizontal wslu-theme-font-no wslu-main_content\">\n\n\t\t\n        <ul>\n\t\t\t        <\/ul>\n    <\/div>","protected":false},"excerpt":{"rendered":"<p>Crist\u00f3bal ThompsonDirector EjecutivoAsociaci\u00f3n Mexicana de Industrias de Investigaci\u00f3n Farmac\u00e9utica (AMIIF) Hablar de salud es referirnos a una de las primeras necesidades del ser humano y un factor clave para la productividad de las naciones y el bienestar de individuos y familias. La salud es una oportunidad y un reto que compartimos en Am\u00e9rica Latina, de [&hellip;]<\/p>","protected":false},"author":24,"featured_media":3205,"comment_status":"closed","ping_status":"closed","sticky":false,"template":"","format":"standard","meta":{"postBodyCss":"","postBodyMargin":[],"postBodyPadding":[],"postBodyBackground":{"backgroundType":"classic","gradient":""},"enableOnePageScrollInPage":false,"onePageScrollCss":"","onePageScrollSpeed":1000,"onePageScrollAnimation":"easeInOutQuad","onePageScrollShowDotNavigation":true,"onePageScrollNavigation":"scaleUp","onePageScrollNavigationPosition":"right","onePageScrollNavigationHorizontal":[],"onePageScrollNavigationVertical":[],"onePageScrollNavigationSpacing":[],"onePageScrollNavigationColor":"#00ff0d","onePageScrollNavigationColorHover":"#00ff0d","onePageScrollNavigationColorActive":"#00ff0d","onePageScrollNavigationIcon":[],"onePageScrollNavigationWidth":[],"onePageScrollNavigationWidthHover":[],"onePageScrollNavigationWidthActive":[],"onePageScrollNavigationHeight":[],"onePageScrollNavigationHeightHover":[],"onePageScrollNavigationHeightActive":[],"onePageScrollNavigationBorder":[],"onePageScrollNavigationBorderHover":[],"onePageScrollNavigationBorderActive":[],"onePageScrollNavigationBorderRadius":[],"onePageScrollNavigationBorderRadiusHover":[],"onePageScrollNavigationBorderRadiusActive":[],"onePageScrollNavigationTooltipTypography":[],"onePageScrollNavigationTooltipColor":"#ffffff","onePageScrollNavigationTooltipColorHover":"","onePageScrollNavigationTooltipBgColor":"#00ff0d","onePageScrollNavigationTooltipBgColorHover":"","onePageScrollNavigationTooltipPadding":[],"onePageScrollNavigationTooltipPaddingHover":[],"onePageScrollNavigationTooltipBorderRadius":[],"onePageScrollNavigationTooltipBorderRadiusHover":[],"pageSettingsCustomCss":"","footnotes":""},"categories":[153,8,6,7],"tags":[98,26,99,49],"class_list":["post-3204","post","type-post","status-publish","format-standard","has-post-thumbnail","hentry","category-acceso","category-innovacion","category-publicaciones","category-salud","tag-acceso","tag-america-latina","tag-cancer","tag-salud"],"yoast_head":"<!-- This site is optimized with the Yoast SEO Premium plugin v26.7 (Yoast SEO v27.5) - https:\/\/yoast.com\/product\/yoast-seo-premium-wordpress\/ -->\n<title>Acceso equitativo a la atenci\u00f3n y tratamiento del c\u00e1ncer, un importante desaf\u00edo de salud en Am\u00e9rica Latina - FIFARMA<\/title>\n<meta name=\"robots\" content=\"index, follow, max-snippet:-1, max-image-preview:large, max-video-preview:-1\" \/>\n<link rel=\"canonical\" href=\"https:\/\/fifarma.org\/pt\/acesso-equitativo-a-cuidados-e-tratamento-do-cancer-um-grande-desafio-para-a-saude-na-america-latina\/\" \/>\n<meta property=\"og:locale\" content=\"pt_BR\" \/>\n<meta property=\"og:type\" content=\"article\" \/>\n<meta property=\"og:title\" content=\"Acceso equitativo a la atenci\u00f3n y tratamiento del c\u00e1ncer, un importante desaf\u00edo de salud en Am\u00e9rica Latina\" \/>\n<meta property=\"og:description\" content=\"Crist\u00f3bal ThompsonDirector EjecutivoAsociaci\u00f3n Mexicana de Industrias de Investigaci\u00f3n Farmac\u00e9utica (AMIIF) Hablar de salud es referirnos a una de las primeras necesidades del ser humano y un factor clave para la productividad de las naciones y el bienestar de individuos y familias. La salud es una oportunidad y un reto que compartimos en Am\u00e9rica Latina, de [&hellip;]\" \/>\n<meta property=\"og:url\" content=\"https:\/\/fifarma.org\/pt\/acesso-equitativo-a-cuidados-e-tratamento-do-cancer-um-grande-desafio-para-a-saude-na-america-latina\/\" \/>\n<meta property=\"og:site_name\" content=\"FIFARMA\" \/>\n<meta property=\"article:published_time\" content=\"2023-05-05T19:03:00+00:00\" \/>\n<meta property=\"article:modified_time\" content=\"2024-05-17T17:22:43+00:00\" \/>\n<meta property=\"og:image\" content=\"https:\/\/fifarma.org\/wp-content\/uploads\/2023\/05\/pexels-pixabay-40568-scaled.jpg\" \/>\n\t<meta property=\"og:image:width\" content=\"2560\" \/>\n\t<meta property=\"og:image:height\" content=\"1707\" \/>\n\t<meta property=\"og:image:type\" content=\"image\/jpeg\" \/>\n<meta name=\"author\" content=\"fifarmacomunicaciones\" \/>\n<meta name=\"twitter:card\" content=\"summary_large_image\" \/>\n<meta name=\"twitter:label1\" content=\"Escrito por\" \/>\n\t<meta name=\"twitter:data1\" content=\"fifarmacomunicaciones\" \/>\n\t<meta name=\"twitter:label2\" content=\"Est. tempo de leitura\" \/>\n\t<meta name=\"twitter:data2\" content=\"3 minutos\" \/>\n<script type=\"application\/ld+json\" class=\"yoast-schema-graph\">{\"@context\":\"https:\\\/\\\/schema.org\",\"@graph\":[{\"@type\":\"Article\",\"@id\":\"https:\\\/\\\/fifarma.org\\\/acceso-equitativo-a-la-atencion-y-tratamiento-del-cancer-un-importante-desafio-de-salud-en-america-latina\\\/#article\",\"isPartOf\":{\"@id\":\"https:\\\/\\\/fifarma.org\\\/acceso-equitativo-a-la-atencion-y-tratamiento-del-cancer-un-importante-desafio-de-salud-en-america-latina\\\/\"},\"author\":{\"name\":\"fifarmacomunicaciones\",\"@id\":\"https:\\\/\\\/fifarma.org\\\/#\\\/schema\\\/person\\\/f1731f7484686defa417316a8fe42068\"},\"headline\":\"Acceso equitativo a la atenci\u00f3n y tratamiento del c\u00e1ncer, un importante desaf\u00edo de salud en Am\u00e9rica Latina\",\"datePublished\":\"2023-05-05T19:03:00+00:00\",\"dateModified\":\"2024-05-17T17:22:43+00:00\",\"mainEntityOfPage\":{\"@id\":\"https:\\\/\\\/fifarma.org\\\/acceso-equitativo-a-la-atencion-y-tratamiento-del-cancer-un-importante-desafio-de-salud-en-america-latina\\\/\"},\"wordCount\":659,\"publisher\":{\"@id\":\"https:\\\/\\\/fifarma.org\\\/#organization\"},\"image\":{\"@id\":\"https:\\\/\\\/fifarma.org\\\/acceso-equitativo-a-la-atencion-y-tratamiento-del-cancer-un-importante-desafio-de-salud-en-america-latina\\\/#primaryimage\"},\"thumbnailUrl\":\"https:\\\/\\\/fifarma.org\\\/wp-content\\\/uploads\\\/2023\\\/05\\\/pexels-pixabay-40568-scaled.jpg\",\"keywords\":[\"acceso\",\"america latina\",\"cancer\",\"salud\"],\"articleSection\":[\"Acceso\",\"Innovaci\u00f3n\",\"Publicaciones\",\"Salud\"],\"inLanguage\":\"pt-BR\"},{\"@type\":\"WebPage\",\"@id\":\"https:\\\/\\\/fifarma.org\\\/acceso-equitativo-a-la-atencion-y-tratamiento-del-cancer-un-importante-desafio-de-salud-en-america-latina\\\/\",\"url\":\"https:\\\/\\\/fifarma.org\\\/acceso-equitativo-a-la-atencion-y-tratamiento-del-cancer-un-importante-desafio-de-salud-en-america-latina\\\/\",\"name\":\"Acceso equitativo a la atenci\u00f3n y tratamiento del c\u00e1ncer, un importante desaf\u00edo de salud en Am\u00e9rica Latina - FIFARMA\",\"isPartOf\":{\"@id\":\"https:\\\/\\\/fifarma.org\\\/#website\"},\"primaryImageOfPage\":{\"@id\":\"https:\\\/\\\/fifarma.org\\\/acceso-equitativo-a-la-atencion-y-tratamiento-del-cancer-un-importante-desafio-de-salud-en-america-latina\\\/#primaryimage\"},\"image\":{\"@id\":\"https:\\\/\\\/fifarma.org\\\/acceso-equitativo-a-la-atencion-y-tratamiento-del-cancer-un-importante-desafio-de-salud-en-america-latina\\\/#primaryimage\"},\"thumbnailUrl\":\"https:\\\/\\\/fifarma.org\\\/wp-content\\\/uploads\\\/2023\\\/05\\\/pexels-pixabay-40568-scaled.jpg\",\"datePublished\":\"2023-05-05T19:03:00+00:00\",\"dateModified\":\"2024-05-17T17:22:43+00:00\",\"breadcrumb\":{\"@id\":\"https:\\\/\\\/fifarma.org\\\/acceso-equitativo-a-la-atencion-y-tratamiento-del-cancer-un-importante-desafio-de-salud-en-america-latina\\\/#breadcrumb\"},\"inLanguage\":\"pt-BR\",\"potentialAction\":[{\"@type\":\"ReadAction\",\"target\":[\"https:\\\/\\\/fifarma.org\\\/acceso-equitativo-a-la-atencion-y-tratamiento-del-cancer-un-importante-desafio-de-salud-en-america-latina\\\/\"]}]},{\"@type\":\"ImageObject\",\"inLanguage\":\"pt-BR\",\"@id\":\"https:\\\/\\\/fifarma.org\\\/acceso-equitativo-a-la-atencion-y-tratamiento-del-cancer-un-importante-desafio-de-salud-en-america-latina\\\/#primaryimage\",\"url\":\"https:\\\/\\\/fifarma.org\\\/wp-content\\\/uploads\\\/2023\\\/05\\\/pexels-pixabay-40568-scaled.jpg\",\"contentUrl\":\"https:\\\/\\\/fifarma.org\\\/wp-content\\\/uploads\\\/2023\\\/05\\\/pexels-pixabay-40568-scaled.jpg\",\"width\":2560,\"height\":1707},{\"@type\":\"BreadcrumbList\",\"@id\":\"https:\\\/\\\/fifarma.org\\\/acceso-equitativo-a-la-atencion-y-tratamiento-del-cancer-un-importante-desafio-de-salud-en-america-latina\\\/#breadcrumb\",\"itemListElement\":[{\"@type\":\"ListItem\",\"position\":1,\"name\":\"Portada\",\"item\":\"https:\\\/\\\/fifarma.org\\\/\"},{\"@type\":\"ListItem\",\"position\":2,\"name\":\"Acceso equitativo a la atenci\u00f3n y tratamiento del c\u00e1ncer, un importante desaf\u00edo de salud en Am\u00e9rica Latina\"}]},{\"@type\":\"WebSite\",\"@id\":\"https:\\\/\\\/fifarma.org\\\/#website\",\"url\":\"https:\\\/\\\/fifarma.org\\\/\",\"name\":\"FIFARMA\",\"description\":\"Federaci\u00f3n Latinoamericana de la Industria Farmac\u00e9utica\",\"publisher\":{\"@id\":\"https:\\\/\\\/fifarma.org\\\/#organization\"},\"potentialAction\":[{\"@type\":\"SearchAction\",\"target\":{\"@type\":\"EntryPoint\",\"urlTemplate\":\"https:\\\/\\\/fifarma.org\\\/?s={search_term_string}\"},\"query-input\":{\"@type\":\"PropertyValueSpecification\",\"valueRequired\":true,\"valueName\":\"search_term_string\"}}],\"inLanguage\":\"pt-BR\"},{\"@type\":\"Organization\",\"@id\":\"https:\\\/\\\/fifarma.org\\\/#organization\",\"name\":\"Fifarma\",\"alternateName\":\"Federaci\u00f3n Latinoamericana de la Industria Farmac\u00e9utica\",\"url\":\"https:\\\/\\\/fifarma.org\\\/\",\"logo\":{\"@type\":\"ImageObject\",\"inLanguage\":\"pt-BR\",\"@id\":\"https:\\\/\\\/fifarma.org\\\/#\\\/schema\\\/logo\\\/image\\\/\",\"url\":\"https:\\\/\\\/fifarma.org\\\/wp-content\\\/uploads\\\/2022\\\/10\\\/logo-fifarma.png\",\"contentUrl\":\"https:\\\/\\\/fifarma.org\\\/wp-content\\\/uploads\\\/2022\\\/10\\\/logo-fifarma.png\",\"width\":195,\"height\":39,\"caption\":\"Fifarma\"},\"image\":{\"@id\":\"https:\\\/\\\/fifarma.org\\\/#\\\/schema\\\/logo\\\/image\\\/\"}},{\"@type\":\"Person\",\"@id\":\"https:\\\/\\\/fifarma.org\\\/#\\\/schema\\\/person\\\/f1731f7484686defa417316a8fe42068\",\"name\":\"fifarmacomunicaciones\",\"image\":{\"@type\":\"ImageObject\",\"inLanguage\":\"pt-BR\",\"@id\":\"https:\\\/\\\/secure.gravatar.com\\\/avatar\\\/8af54b74d81934872c5e9bf852bec4021ca6d3043cf2132e25087b2d09318d1c?s=96&d=mm&r=g\",\"url\":\"https:\\\/\\\/secure.gravatar.com\\\/avatar\\\/8af54b74d81934872c5e9bf852bec4021ca6d3043cf2132e25087b2d09318d1c?s=96&d=mm&r=g\",\"contentUrl\":\"https:\\\/\\\/secure.gravatar.com\\\/avatar\\\/8af54b74d81934872c5e9bf852bec4021ca6d3043cf2132e25087b2d09318d1c?s=96&d=mm&r=g\",\"caption\":\"fifarmacomunicaciones\"}}]}<\/script>\n<!-- \/ Yoast SEO Premium plugin. -->","yoast_head_json":{"title":"Acceso equitativo a la atenci\u00f3n y tratamiento del c\u00e1ncer, un importante desaf\u00edo de salud en Am\u00e9rica Latina - FIFARMA","robots":{"index":"index","follow":"follow","max-snippet":"max-snippet:-1","max-image-preview":"max-image-preview:large","max-video-preview":"max-video-preview:-1"},"canonical":"https:\/\/fifarma.org\/pt\/acesso-equitativo-a-cuidados-e-tratamento-do-cancer-um-grande-desafio-para-a-saude-na-america-latina\/","og_locale":"pt_BR","og_type":"article","og_title":"Acceso equitativo a la atenci\u00f3n y tratamiento del c\u00e1ncer, un importante desaf\u00edo de salud en Am\u00e9rica Latina","og_description":"Crist\u00f3bal ThompsonDirector EjecutivoAsociaci\u00f3n Mexicana de Industrias de Investigaci\u00f3n Farmac\u00e9utica (AMIIF) Hablar de salud es referirnos a una de las primeras necesidades del ser humano y un factor clave para la productividad de las naciones y el bienestar de individuos y familias. La salud es una oportunidad y un reto que compartimos en Am\u00e9rica Latina, de [&hellip;]","og_url":"https:\/\/fifarma.org\/pt\/acesso-equitativo-a-cuidados-e-tratamento-do-cancer-um-grande-desafio-para-a-saude-na-america-latina\/","og_site_name":"FIFARMA","article_published_time":"2023-05-05T19:03:00+00:00","article_modified_time":"2024-05-17T17:22:43+00:00","og_image":[{"width":2560,"height":1707,"url":"https:\/\/fifarma.org\/wp-content\/uploads\/2023\/05\/pexels-pixabay-40568-scaled.jpg","type":"image\/jpeg"}],"author":"fifarmacomunicaciones","twitter_card":"summary_large_image","twitter_misc":{"Escrito por":"fifarmacomunicaciones","Est. tempo de leitura":"3 minutos"},"schema":{"@context":"https:\/\/schema.org","@graph":[{"@type":"Article","@id":"https:\/\/fifarma.org\/acceso-equitativo-a-la-atencion-y-tratamiento-del-cancer-un-importante-desafio-de-salud-en-america-latina\/#article","isPartOf":{"@id":"https:\/\/fifarma.org\/acceso-equitativo-a-la-atencion-y-tratamiento-del-cancer-un-importante-desafio-de-salud-en-america-latina\/"},"author":{"name":"fifarmacomunicaciones","@id":"https:\/\/fifarma.org\/#\/schema\/person\/f1731f7484686defa417316a8fe42068"},"headline":"Acceso equitativo a la atenci\u00f3n y tratamiento del c\u00e1ncer, un importante desaf\u00edo de salud en Am\u00e9rica Latina","datePublished":"2023-05-05T19:03:00+00:00","dateModified":"2024-05-17T17:22:43+00:00","mainEntityOfPage":{"@id":"https:\/\/fifarma.org\/acceso-equitativo-a-la-atencion-y-tratamiento-del-cancer-un-importante-desafio-de-salud-en-america-latina\/"},"wordCount":659,"publisher":{"@id":"https:\/\/fifarma.org\/#organization"},"image":{"@id":"https:\/\/fifarma.org\/acceso-equitativo-a-la-atencion-y-tratamiento-del-cancer-un-importante-desafio-de-salud-en-america-latina\/#primaryimage"},"thumbnailUrl":"https:\/\/fifarma.org\/wp-content\/uploads\/2023\/05\/pexels-pixabay-40568-scaled.jpg","keywords":["acceso","america latina","cancer","salud"],"articleSection":["Acceso","Innovaci\u00f3n","Publicaciones","Salud"],"inLanguage":"pt-BR"},{"@type":"WebPage","@id":"https:\/\/fifarma.org\/acceso-equitativo-a-la-atencion-y-tratamiento-del-cancer-un-importante-desafio-de-salud-en-america-latina\/","url":"https:\/\/fifarma.org\/acceso-equitativo-a-la-atencion-y-tratamiento-del-cancer-un-importante-desafio-de-salud-en-america-latina\/","name":"Acceso equitativo a la atenci\u00f3n y tratamiento del c\u00e1ncer, un importante desaf\u00edo de salud en Am\u00e9rica Latina - FIFARMA","isPartOf":{"@id":"https:\/\/fifarma.org\/#website"},"primaryImageOfPage":{"@id":"https:\/\/fifarma.org\/acceso-equitativo-a-la-atencion-y-tratamiento-del-cancer-un-importante-desafio-de-salud-en-america-latina\/#primaryimage"},"image":{"@id":"https:\/\/fifarma.org\/acceso-equitativo-a-la-atencion-y-tratamiento-del-cancer-un-importante-desafio-de-salud-en-america-latina\/#primaryimage"},"thumbnailUrl":"https:\/\/fifarma.org\/wp-content\/uploads\/2023\/05\/pexels-pixabay-40568-scaled.jpg","datePublished":"2023-05-05T19:03:00+00:00","dateModified":"2024-05-17T17:22:43+00:00","breadcrumb":{"@id":"https:\/\/fifarma.org\/acceso-equitativo-a-la-atencion-y-tratamiento-del-cancer-un-importante-desafio-de-salud-en-america-latina\/#breadcrumb"},"inLanguage":"pt-BR","potentialAction":[{"@type":"ReadAction","target":["https:\/\/fifarma.org\/acceso-equitativo-a-la-atencion-y-tratamiento-del-cancer-un-importante-desafio-de-salud-en-america-latina\/"]}]},{"@type":"ImageObject","inLanguage":"pt-BR","@id":"https:\/\/fifarma.org\/acceso-equitativo-a-la-atencion-y-tratamiento-del-cancer-un-importante-desafio-de-salud-en-america-latina\/#primaryimage","url":"https:\/\/fifarma.org\/wp-content\/uploads\/2023\/05\/pexels-pixabay-40568-scaled.jpg","contentUrl":"https:\/\/fifarma.org\/wp-content\/uploads\/2023\/05\/pexels-pixabay-40568-scaled.jpg","width":2560,"height":1707},{"@type":"BreadcrumbList","@id":"https:\/\/fifarma.org\/acceso-equitativo-a-la-atencion-y-tratamiento-del-cancer-un-importante-desafio-de-salud-en-america-latina\/#breadcrumb","itemListElement":[{"@type":"ListItem","position":1,"name":"Portada","item":"https:\/\/fifarma.org\/"},{"@type":"ListItem","position":2,"name":"Acceso equitativo a la atenci\u00f3n y tratamiento del c\u00e1ncer, un importante desaf\u00edo de salud en Am\u00e9rica Latina"}]},{"@type":"WebSite","@id":"https:\/\/fifarma.org\/#website","url":"https:\/\/fifarma.org\/","name":"FIFARMA","description":"Federaci\u00f3n Latinoamericana de la Industria Farmac\u00e9utica","publisher":{"@id":"https:\/\/fifarma.org\/#organization"},"potentialAction":[{"@type":"SearchAction","target":{"@type":"EntryPoint","urlTemplate":"https:\/\/fifarma.org\/?s={search_term_string}"},"query-input":{"@type":"PropertyValueSpecification","valueRequired":true,"valueName":"search_term_string"}}],"inLanguage":"pt-BR"},{"@type":"Organization","@id":"https:\/\/fifarma.org\/#organization","name":"Fifarma","alternateName":"Federaci\u00f3n Latinoamericana de la Industria Farmac\u00e9utica","url":"https:\/\/fifarma.org\/","logo":{"@type":"ImageObject","inLanguage":"pt-BR","@id":"https:\/\/fifarma.org\/#\/schema\/logo\/image\/","url":"https:\/\/fifarma.org\/wp-content\/uploads\/2022\/10\/logo-fifarma.png","contentUrl":"https:\/\/fifarma.org\/wp-content\/uploads\/2022\/10\/logo-fifarma.png","width":195,"height":39,"caption":"Fifarma"},"image":{"@id":"https:\/\/fifarma.org\/#\/schema\/logo\/image\/"}},{"@type":"Person","@id":"https:\/\/fifarma.org\/#\/schema\/person\/f1731f7484686defa417316a8fe42068","name":"fifarmacomunicaciones","image":{"@type":"ImageObject","inLanguage":"pt-BR","@id":"https:\/\/secure.gravatar.com\/avatar\/8af54b74d81934872c5e9bf852bec4021ca6d3043cf2132e25087b2d09318d1c?s=96&d=mm&r=g","url":"https:\/\/secure.gravatar.com\/avatar\/8af54b74d81934872c5e9bf852bec4021ca6d3043cf2132e25087b2d09318d1c?s=96&d=mm&r=g","contentUrl":"https:\/\/secure.gravatar.com\/avatar\/8af54b74d81934872c5e9bf852bec4021ca6d3043cf2132e25087b2d09318d1c?s=96&d=mm&r=g","caption":"fifarmacomunicaciones"}}]}},"_links":{"self":[{"href":"https:\/\/fifarma.org\/pt\/wp-json\/wp\/v2\/posts\/3204","targetHints":{"allow":["GET"]}}],"collection":[{"href":"https:\/\/fifarma.org\/pt\/wp-json\/wp\/v2\/posts"}],"about":[{"href":"https:\/\/fifarma.org\/pt\/wp-json\/wp\/v2\/types\/post"}],"author":[{"embeddable":true,"href":"https:\/\/fifarma.org\/pt\/wp-json\/wp\/v2\/users\/24"}],"replies":[{"embeddable":true,"href":"https:\/\/fifarma.org\/pt\/wp-json\/wp\/v2\/comments?post=3204"}],"version-history":[{"count":0,"href":"https:\/\/fifarma.org\/pt\/wp-json\/wp\/v2\/posts\/3204\/revisions"}],"wp:featuredmedia":[{"embeddable":true,"href":"https:\/\/fifarma.org\/pt\/wp-json\/wp\/v2\/media\/3205"}],"wp:attachment":[{"href":"https:\/\/fifarma.org\/pt\/wp-json\/wp\/v2\/media?parent=3204"}],"wp:term":[{"taxonomy":"category","embeddable":true,"href":"https:\/\/fifarma.org\/pt\/wp-json\/wp\/v2\/categories?post=3204"},{"taxonomy":"post_tag","embeddable":true,"href":"https:\/\/fifarma.org\/pt\/wp-json\/wp\/v2\/tags?post=3204"}],"curies":[{"name":"wp","href":"https:\/\/api.w.org\/{rel}","templated":true}]}}