{"id":7204,"date":"2024-02-20T10:01:40","date_gmt":"2024-02-20T15:01:40","guid":{"rendered":"https:\/\/fifarma.org\/?p=7204"},"modified":"2024-05-17T12:04:38","modified_gmt":"2024-05-17T17:04:38","slug":"la-prevencion-del-cancer-un-proposito-global","status":"publish","type":"post","link":"https:\/\/fifarma.org\/en\/la-prevencion-del-cancer-un-proposito-global\/","title":{"rendered":"Cancer Prevention, a Global Purpose"},"content":{"rendered":"<div style=\"height:42px\" aria-hidden=\"true\" class=\"wp-block-spacer\"><\/div>\n\n\n\n<p>Receiving the difficult news of a cancer diagnosis, a disease that plunges the patient and their family into a state of uncertainty, is distressing. Unfortunately, this is the reality for more than four million people and their families in Latin America and the Caribbean. A figure that will grow to six million by the year 2040, according to projections from the Pan American Health Organization.<\/p>\n\n\n\n<p id=\"p856504-m336-2-337\">As a society, we can work together to prevent the occurrence of new cases through self-care and, simultaneously, seeking to ensure timely access to the most advanced oncology therapies for patients.<\/p>\n\n\n\n<p id=\"p856504-m342-3-343\">According to the International Agency for Research on Cancer (IARC), about 50 percent of all cases worldwide are preventable if three key actions are put into practice: adopting healthier lifestyles, timely vaccination against hepatitis B and human papillomavirus (HPV) to prevent liver and cervical cancer, respectively, and undergoing regular check-ups to detect risks or cancer at an early stage.<\/p>\n\n\n\n<p id=\"p856504-m372-5-373\">Therefore, at the Latin American Federation of the Pharmaceutical Industry (FIFARMA), we are committed to working with regional healthcare stakeholders to enhance cancer prevention campaigns.<\/p>\n\n\n\n<p id=\"p856504-m378-6-379\">Collaboration is key. This was demonstrated with the COVID-19 vaccines that were able to be developed in record time thanks to the active collaboration of governments, the scientific community, and the pharmaceutical industry, saving millions of lives around the world.<\/p>\n\n\n\n<p id=\"p856504-m384-7-385\">Building on this experience, in 2023, the G7, the group of the world's most developed economies, launched the G7 Cancer initiative. Under this umbrella, national cancer research institutes will join forces to strengthen cooperation and accelerate the development of solutions for more effective cancer combat, including advances in genetics and genomics, oncological precision medicine, diagnostics through new synthetic biopsy techniques, and the use of artificial intelligence.<\/p>\n\n\n\n<p id=\"p856504-m390-8-391\">In addition to improving prevention, in Latin America, we have the challenge of facilitating timely access to these innovative treatments.<\/p>\n\n\n\n<p id=\"p856504-m396-9-397\">Our most recent report \u2018<a href=\"https:\/\/fifarma.org\/en\/wait-indicator-hacia-el-pragmatismo-responsable-en-la-medicion-del-acceso-a-nuevas-tecnologias-en-america-latina-2\/\" target=\"_blank\" rel=\"noreferrer noopener\">FIFARMA W. A. I. T. Indicator 2023<\/a>\u2019 analyzes the availability in Latin America of new oncology drugs. We identify how long it takes from the moment they are approved in the United States (US) and the European Union (EU) until they are approved and available to the public in our countries.<\/p>\n\n\n\n<p id=\"p856504-m402-10-403\">We observe that of the 115 oncology drugs approved by the US and the EU between 2014 and 2021, 73 have been approved in some country in Latin America, and of these, only 50 are widely available.<\/p>\n\n\n\n<p id=\"p856504-m408-11-409\">We also find that after approval by the US Food and Drug Administration (FDA), Latin American patients must wait on average between 2 and 4.7 years to access these same treatments.<\/p>\n\n\n\n<p id=\"p856504-m414-12-415\">This is a gap that we can close through coordinated work between regulatory agencies, governments, patient associations, the scientific community, and the pharmaceutical industry. At FIFARMA, we will continue to contribute to ensuring broad and timely access to innovative cancer treatments in our region.<\/p>\n\n\n\n<p id=\"p856504-m420-13-421\">The eradication of cancer must continue to be a purpose of humanity; we can all contribute. Prevention is the best solution, and equitable access to therapies is the most humane way to address this global challenge.<\/p>\n\n\n\n<div style=\"height:63px\" aria-hidden=\"true\" class=\"wp-block-spacer\"><\/div>\n\n\n\n<p class=\"has-small-font-size\">YANETH GIHA<br>Executive Director of FIFARMA<\/p>\n\n\n\n<div class=\"wp-block-buttons is-content-justification-center is-layout-flex wp-container-core-buttons-is-layout-a89b3969 wp-block-buttons-is-layout-flex\">\n<div class=\"wp-block-button is-style-outline is-style-outline--1\"><a class=\"wp-block-button__link has-text-align-center wp-element-button\" href=\"https:\/\/www.eltiempo.com\/opinion\/columnistas\/otros-columnistas\/la-prevencion-del-cancer-un-proposito-global-columna-de-yaneth-giha-856504\" target=\"_blank\" rel=\"noreferrer noopener\">Read on www.eltiempo.com<\/a><\/div>\n<\/div>\n\n\n\n<div style=\"height:100px\" aria-hidden=\"true\" class=\"wp-block-spacer\"><\/div>\n\n\n\n<figure class=\"wp-block-image size-large\"><img fetchpriority=\"high\" decoding=\"async\" width=\"500\" height=\"1024\" src=\"https:\/\/fifarma.org\/wp-content\/uploads\/2024\/02\/Eltiempo-Cancer-FIFARMA-1-500x1024.jpg\" alt=\"\" class=\"wp-image-7249\" srcset=\"https:\/\/fifarma.org\/wp-content\/uploads\/2024\/02\/Eltiempo-Cancer-FIFARMA-1-500x1024.jpg 500w, https:\/\/fifarma.org\/wp-content\/uploads\/2024\/02\/Eltiempo-Cancer-FIFARMA-1-146x300.jpg 146w, https:\/\/fifarma.org\/wp-content\/uploads\/2024\/02\/Eltiempo-Cancer-FIFARMA-1-768x1574.jpg 768w, https:\/\/fifarma.org\/wp-content\/uploads\/2024\/02\/Eltiempo-Cancer-FIFARMA-1-750x1536.jpg 750w, https:\/\/fifarma.org\/wp-content\/uploads\/2024\/02\/Eltiempo-Cancer-FIFARMA-1-1000x2048.jpg 1000w, https:\/\/fifarma.org\/wp-content\/uploads\/2024\/02\/Eltiempo-Cancer-FIFARMA-1-6x12.jpg 6w, https:\/\/fifarma.org\/wp-content\/uploads\/2024\/02\/Eltiempo-Cancer-FIFARMA-1-scaled.jpg 1249w\" sizes=\"(max-width: 500px) 100vw, 500px\" \/><\/figure>\n\n    <div class=\"xs_social_share_widget xs_share_url after_content \t\tmain_content  wslu-style-1 wslu-share-box-shaped wslu-fill-colored wslu-none wslu-share-horizontal wslu-theme-font-no wslu-main_content\">\n\n\t\t\n        <ul>\n\t\t\t        <\/ul>\n    <\/div>","protected":false},"excerpt":{"rendered":"<p>Recibir la dif\u00edcil noticia de un diagn\u00f3stico de c\u00e1ncer, una enfermedad que sume al paciente y su familia en un estado de incertidumbre, es angustiante. Lamentablemente, esta es la realidad de m\u00e1s de cuatro millones de personas y sus familias en Am\u00e9rica Latina y el Caribe. Una cifra que crecer\u00e1 hasta seis millones para el [&hellip;]<\/p>","protected":false},"author":24,"featured_media":7242,"comment_status":"closed","ping_status":"closed","sticky":false,"template":"","format":"standard","meta":{"postBodyCss":"","postBodyMargin":[],"postBodyPadding":[],"postBodyBackground":{"backgroundType":"classic","gradient":""},"enableOnePageScrollInPage":false,"onePageScrollCss":"","onePageScrollSpeed":1000,"onePageScrollAnimation":"easeInOutQuad","onePageScrollShowDotNavigation":true,"onePageScrollNavigation":"scaleUp","onePageScrollNavigationPosition":"right","onePageScrollNavigationHorizontal":[],"onePageScrollNavigationVertical":[],"onePageScrollNavigationSpacing":[],"onePageScrollNavigationColor":"#00ff0d","onePageScrollNavigationColorHover":"#00ff0d","onePageScrollNavigationColorActive":"#00ff0d","onePageScrollNavigationIcon":[],"onePageScrollNavigationWidth":[],"onePageScrollNavigationWidthHover":[],"onePageScrollNavigationWidthActive":[],"onePageScrollNavigationHeight":[],"onePageScrollNavigationHeightHover":[],"onePageScrollNavigationHeightActive":[],"onePageScrollNavigationBorder":[],"onePageScrollNavigationBorderHover":[],"onePageScrollNavigationBorderActive":[],"onePageScrollNavigationBorderRadius":[],"onePageScrollNavigationBorderRadiusHover":[],"onePageScrollNavigationBorderRadiusActive":[],"onePageScrollNavigationTooltipTypography":[],"onePageScrollNavigationTooltipColor":"#ffffff","onePageScrollNavigationTooltipColorHover":"","onePageScrollNavigationTooltipBgColor":"#00ff0d","onePageScrollNavigationTooltipBgColorHover":"","onePageScrollNavigationTooltipPadding":[],"onePageScrollNavigationTooltipPaddingHover":[],"onePageScrollNavigationTooltipBorderRadius":[],"onePageScrollNavigationTooltipBorderRadiusHover":[],"pageSettingsCustomCss":"","footnotes":""},"categories":[24,7],"tags":[26,99,80,49],"class_list":["post-7204","post","type-post","status-publish","format-standard","has-post-thumbnail","hentry","category-analisis","category-salud","tag-america-latina","tag-cancer","tag-pacientes","tag-salud"],"yoast_head":"<!-- This site is optimized with the Yoast SEO Premium plugin v26.7 (Yoast SEO v27.5) - https:\/\/yoast.com\/product\/yoast-seo-premium-wordpress\/ -->\n<title>La prevenci\u00f3n del c\u00e1ncer, un prop\u00f3sito global - FIFARMA<\/title>\n<meta name=\"robots\" content=\"index, follow, max-snippet:-1, max-image-preview:large, max-video-preview:-1\" \/>\n<link rel=\"canonical\" href=\"https:\/\/fifarma.org\/en\/la-prevencion-del-cancer-un-proposito-global\/\" \/>\n<meta property=\"og:locale\" content=\"en_US\" \/>\n<meta property=\"og:type\" content=\"article\" \/>\n<meta property=\"og:title\" content=\"La prevenci\u00f3n del c\u00e1ncer, un prop\u00f3sito global\" \/>\n<meta property=\"og:description\" content=\"Recibir la dif\u00edcil noticia de un diagn\u00f3stico de c\u00e1ncer, una enfermedad que sume al paciente y su familia en un estado de incertidumbre, es angustiante. Lamentablemente, esta es la realidad de m\u00e1s de cuatro millones de personas y sus familias en Am\u00e9rica Latina y el Caribe. Una cifra que crecer\u00e1 hasta seis millones para el [&hellip;]\" \/>\n<meta property=\"og:url\" content=\"https:\/\/fifarma.org\/en\/la-prevencion-del-cancer-un-proposito-global\/\" \/>\n<meta property=\"og:site_name\" content=\"FIFARMA\" \/>\n<meta property=\"article:published_time\" content=\"2024-02-20T15:01:40+00:00\" \/>\n<meta property=\"article:modified_time\" content=\"2024-05-17T17:04:38+00:00\" \/>\n<meta property=\"og:image\" content=\"https:\/\/fifarma.org\/wp-content\/uploads\/2024\/02\/cancer-foto.png\" \/>\n\t<meta property=\"og:image:width\" content=\"1552\" \/>\n\t<meta property=\"og:image:height\" content=\"1030\" \/>\n\t<meta property=\"og:image:type\" content=\"image\/png\" \/>\n<meta name=\"author\" content=\"fifarmacomunicaciones\" \/>\n<meta name=\"twitter:card\" content=\"summary_large_image\" \/>\n<meta name=\"twitter:label1\" content=\"Written by\" \/>\n\t<meta name=\"twitter:data1\" content=\"fifarmacomunicaciones\" \/>\n\t<meta name=\"twitter:label2\" content=\"Est. reading time\" \/>\n\t<meta name=\"twitter:data2\" content=\"3 minutes\" \/>\n<script type=\"application\/ld+json\" class=\"yoast-schema-graph\">{\"@context\":\"https:\\\/\\\/schema.org\",\"@graph\":[{\"@type\":\"Article\",\"@id\":\"https:\\\/\\\/fifarma.org\\\/la-prevencion-del-cancer-un-proposito-global\\\/#article\",\"isPartOf\":{\"@id\":\"https:\\\/\\\/fifarma.org\\\/la-prevencion-del-cancer-un-proposito-global\\\/\"},\"author\":{\"name\":\"fifarmacomunicaciones\",\"@id\":\"https:\\\/\\\/fifarma.org\\\/#\\\/schema\\\/person\\\/f1731f7484686defa417316a8fe42068\"},\"headline\":\"La prevenci\u00f3n del c\u00e1ncer, un prop\u00f3sito global\",\"datePublished\":\"2024-02-20T15:01:40+00:00\",\"dateModified\":\"2024-05-17T17:04:38+00:00\",\"mainEntityOfPage\":{\"@id\":\"https:\\\/\\\/fifarma.org\\\/la-prevencion-del-cancer-un-proposito-global\\\/\"},\"wordCount\":643,\"publisher\":{\"@id\":\"https:\\\/\\\/fifarma.org\\\/#organization\"},\"image\":{\"@id\":\"https:\\\/\\\/fifarma.org\\\/la-prevencion-del-cancer-un-proposito-global\\\/#primaryimage\"},\"thumbnailUrl\":\"https:\\\/\\\/fifarma.org\\\/wp-content\\\/uploads\\\/2024\\\/02\\\/cancer-foto.png\",\"keywords\":[\"america latina\",\"cancer\",\"pacientes\",\"salud\"],\"articleSection\":[\"An\u00e1lisis\",\"Salud\"],\"inLanguage\":\"en-US\"},{\"@type\":\"WebPage\",\"@id\":\"https:\\\/\\\/fifarma.org\\\/la-prevencion-del-cancer-un-proposito-global\\\/\",\"url\":\"https:\\\/\\\/fifarma.org\\\/la-prevencion-del-cancer-un-proposito-global\\\/\",\"name\":\"La prevenci\u00f3n del c\u00e1ncer, un prop\u00f3sito global - FIFARMA\",\"isPartOf\":{\"@id\":\"https:\\\/\\\/fifarma.org\\\/#website\"},\"primaryImageOfPage\":{\"@id\":\"https:\\\/\\\/fifarma.org\\\/la-prevencion-del-cancer-un-proposito-global\\\/#primaryimage\"},\"image\":{\"@id\":\"https:\\\/\\\/fifarma.org\\\/la-prevencion-del-cancer-un-proposito-global\\\/#primaryimage\"},\"thumbnailUrl\":\"https:\\\/\\\/fifarma.org\\\/wp-content\\\/uploads\\\/2024\\\/02\\\/cancer-foto.png\",\"datePublished\":\"2024-02-20T15:01:40+00:00\",\"dateModified\":\"2024-05-17T17:04:38+00:00\",\"breadcrumb\":{\"@id\":\"https:\\\/\\\/fifarma.org\\\/la-prevencion-del-cancer-un-proposito-global\\\/#breadcrumb\"},\"inLanguage\":\"en-US\",\"potentialAction\":[{\"@type\":\"ReadAction\",\"target\":[\"https:\\\/\\\/fifarma.org\\\/la-prevencion-del-cancer-un-proposito-global\\\/\"]}]},{\"@type\":\"ImageObject\",\"inLanguage\":\"en-US\",\"@id\":\"https:\\\/\\\/fifarma.org\\\/la-prevencion-del-cancer-un-proposito-global\\\/#primaryimage\",\"url\":\"https:\\\/\\\/fifarma.org\\\/wp-content\\\/uploads\\\/2024\\\/02\\\/cancer-foto.png\",\"contentUrl\":\"https:\\\/\\\/fifarma.org\\\/wp-content\\\/uploads\\\/2024\\\/02\\\/cancer-foto.png\",\"width\":1552,\"height\":1030},{\"@type\":\"BreadcrumbList\",\"@id\":\"https:\\\/\\\/fifarma.org\\\/la-prevencion-del-cancer-un-proposito-global\\\/#breadcrumb\",\"itemListElement\":[{\"@type\":\"ListItem\",\"position\":1,\"name\":\"Portada\",\"item\":\"https:\\\/\\\/fifarma.org\\\/\"},{\"@type\":\"ListItem\",\"position\":2,\"name\":\"La prevenci\u00f3n del c\u00e1ncer, un prop\u00f3sito global\"}]},{\"@type\":\"WebSite\",\"@id\":\"https:\\\/\\\/fifarma.org\\\/#website\",\"url\":\"https:\\\/\\\/fifarma.org\\\/\",\"name\":\"FIFARMA\",\"description\":\"Federaci\u00f3n Latinoamericana de la Industria Farmac\u00e9utica\",\"publisher\":{\"@id\":\"https:\\\/\\\/fifarma.org\\\/#organization\"},\"potentialAction\":[{\"@type\":\"SearchAction\",\"target\":{\"@type\":\"EntryPoint\",\"urlTemplate\":\"https:\\\/\\\/fifarma.org\\\/?s={search_term_string}\"},\"query-input\":{\"@type\":\"PropertyValueSpecification\",\"valueRequired\":true,\"valueName\":\"search_term_string\"}}],\"inLanguage\":\"en-US\"},{\"@type\":\"Organization\",\"@id\":\"https:\\\/\\\/fifarma.org\\\/#organization\",\"name\":\"Fifarma\",\"alternateName\":\"Federaci\u00f3n Latinoamericana de la Industria Farmac\u00e9utica\",\"url\":\"https:\\\/\\\/fifarma.org\\\/\",\"logo\":{\"@type\":\"ImageObject\",\"inLanguage\":\"en-US\",\"@id\":\"https:\\\/\\\/fifarma.org\\\/#\\\/schema\\\/logo\\\/image\\\/\",\"url\":\"https:\\\/\\\/fifarma.org\\\/wp-content\\\/uploads\\\/2022\\\/10\\\/logo-fifarma.png\",\"contentUrl\":\"https:\\\/\\\/fifarma.org\\\/wp-content\\\/uploads\\\/2022\\\/10\\\/logo-fifarma.png\",\"width\":195,\"height\":39,\"caption\":\"Fifarma\"},\"image\":{\"@id\":\"https:\\\/\\\/fifarma.org\\\/#\\\/schema\\\/logo\\\/image\\\/\"}},{\"@type\":\"Person\",\"@id\":\"https:\\\/\\\/fifarma.org\\\/#\\\/schema\\\/person\\\/f1731f7484686defa417316a8fe42068\",\"name\":\"fifarmacomunicaciones\",\"image\":{\"@type\":\"ImageObject\",\"inLanguage\":\"en-US\",\"@id\":\"https:\\\/\\\/secure.gravatar.com\\\/avatar\\\/8af54b74d81934872c5e9bf852bec4021ca6d3043cf2132e25087b2d09318d1c?s=96&d=mm&r=g\",\"url\":\"https:\\\/\\\/secure.gravatar.com\\\/avatar\\\/8af54b74d81934872c5e9bf852bec4021ca6d3043cf2132e25087b2d09318d1c?s=96&d=mm&r=g\",\"contentUrl\":\"https:\\\/\\\/secure.gravatar.com\\\/avatar\\\/8af54b74d81934872c5e9bf852bec4021ca6d3043cf2132e25087b2d09318d1c?s=96&d=mm&r=g\",\"caption\":\"fifarmacomunicaciones\"}}]}<\/script>\n<!-- \/ Yoast SEO Premium plugin. -->","yoast_head_json":{"title":"La prevenci\u00f3n del c\u00e1ncer, un prop\u00f3sito global - FIFARMA","robots":{"index":"index","follow":"follow","max-snippet":"max-snippet:-1","max-image-preview":"max-image-preview:large","max-video-preview":"max-video-preview:-1"},"canonical":"https:\/\/fifarma.org\/en\/la-prevencion-del-cancer-un-proposito-global\/","og_locale":"en_US","og_type":"article","og_title":"La prevenci\u00f3n del c\u00e1ncer, un prop\u00f3sito global","og_description":"Recibir la dif\u00edcil noticia de un diagn\u00f3stico de c\u00e1ncer, una enfermedad que sume al paciente y su familia en un estado de incertidumbre, es angustiante. Lamentablemente, esta es la realidad de m\u00e1s de cuatro millones de personas y sus familias en Am\u00e9rica Latina y el Caribe. Una cifra que crecer\u00e1 hasta seis millones para el [&hellip;]","og_url":"https:\/\/fifarma.org\/en\/la-prevencion-del-cancer-un-proposito-global\/","og_site_name":"FIFARMA","article_published_time":"2024-02-20T15:01:40+00:00","article_modified_time":"2024-05-17T17:04:38+00:00","og_image":[{"width":1552,"height":1030,"url":"https:\/\/fifarma.org\/wp-content\/uploads\/2024\/02\/cancer-foto.png","type":"image\/png"}],"author":"fifarmacomunicaciones","twitter_card":"summary_large_image","twitter_misc":{"Written by":"fifarmacomunicaciones","Est. reading time":"3 minutes"},"schema":{"@context":"https:\/\/schema.org","@graph":[{"@type":"Article","@id":"https:\/\/fifarma.org\/la-prevencion-del-cancer-un-proposito-global\/#article","isPartOf":{"@id":"https:\/\/fifarma.org\/la-prevencion-del-cancer-un-proposito-global\/"},"author":{"name":"fifarmacomunicaciones","@id":"https:\/\/fifarma.org\/#\/schema\/person\/f1731f7484686defa417316a8fe42068"},"headline":"La prevenci\u00f3n del c\u00e1ncer, un prop\u00f3sito global","datePublished":"2024-02-20T15:01:40+00:00","dateModified":"2024-05-17T17:04:38+00:00","mainEntityOfPage":{"@id":"https:\/\/fifarma.org\/la-prevencion-del-cancer-un-proposito-global\/"},"wordCount":643,"publisher":{"@id":"https:\/\/fifarma.org\/#organization"},"image":{"@id":"https:\/\/fifarma.org\/la-prevencion-del-cancer-un-proposito-global\/#primaryimage"},"thumbnailUrl":"https:\/\/fifarma.org\/wp-content\/uploads\/2024\/02\/cancer-foto.png","keywords":["america latina","cancer","pacientes","salud"],"articleSection":["An\u00e1lisis","Salud"],"inLanguage":"en-US"},{"@type":"WebPage","@id":"https:\/\/fifarma.org\/la-prevencion-del-cancer-un-proposito-global\/","url":"https:\/\/fifarma.org\/la-prevencion-del-cancer-un-proposito-global\/","name":"La prevenci\u00f3n del c\u00e1ncer, un prop\u00f3sito global - FIFARMA","isPartOf":{"@id":"https:\/\/fifarma.org\/#website"},"primaryImageOfPage":{"@id":"https:\/\/fifarma.org\/la-prevencion-del-cancer-un-proposito-global\/#primaryimage"},"image":{"@id":"https:\/\/fifarma.org\/la-prevencion-del-cancer-un-proposito-global\/#primaryimage"},"thumbnailUrl":"https:\/\/fifarma.org\/wp-content\/uploads\/2024\/02\/cancer-foto.png","datePublished":"2024-02-20T15:01:40+00:00","dateModified":"2024-05-17T17:04:38+00:00","breadcrumb":{"@id":"https:\/\/fifarma.org\/la-prevencion-del-cancer-un-proposito-global\/#breadcrumb"},"inLanguage":"en-US","potentialAction":[{"@type":"ReadAction","target":["https:\/\/fifarma.org\/la-prevencion-del-cancer-un-proposito-global\/"]}]},{"@type":"ImageObject","inLanguage":"en-US","@id":"https:\/\/fifarma.org\/la-prevencion-del-cancer-un-proposito-global\/#primaryimage","url":"https:\/\/fifarma.org\/wp-content\/uploads\/2024\/02\/cancer-foto.png","contentUrl":"https:\/\/fifarma.org\/wp-content\/uploads\/2024\/02\/cancer-foto.png","width":1552,"height":1030},{"@type":"BreadcrumbList","@id":"https:\/\/fifarma.org\/la-prevencion-del-cancer-un-proposito-global\/#breadcrumb","itemListElement":[{"@type":"ListItem","position":1,"name":"Portada","item":"https:\/\/fifarma.org\/"},{"@type":"ListItem","position":2,"name":"La prevenci\u00f3n del c\u00e1ncer, un prop\u00f3sito global"}]},{"@type":"WebSite","@id":"https:\/\/fifarma.org\/#website","url":"https:\/\/fifarma.org\/","name":"FIFARMA","description":"Federaci\u00f3n Latinoamericana de la Industria Farmac\u00e9utica","publisher":{"@id":"https:\/\/fifarma.org\/#organization"},"potentialAction":[{"@type":"SearchAction","target":{"@type":"EntryPoint","urlTemplate":"https:\/\/fifarma.org\/?s={search_term_string}"},"query-input":{"@type":"PropertyValueSpecification","valueRequired":true,"valueName":"search_term_string"}}],"inLanguage":"en-US"},{"@type":"Organization","@id":"https:\/\/fifarma.org\/#organization","name":"Fifarma","alternateName":"Federaci\u00f3n Latinoamericana de la Industria Farmac\u00e9utica","url":"https:\/\/fifarma.org\/","logo":{"@type":"ImageObject","inLanguage":"en-US","@id":"https:\/\/fifarma.org\/#\/schema\/logo\/image\/","url":"https:\/\/fifarma.org\/wp-content\/uploads\/2022\/10\/logo-fifarma.png","contentUrl":"https:\/\/fifarma.org\/wp-content\/uploads\/2022\/10\/logo-fifarma.png","width":195,"height":39,"caption":"Fifarma"},"image":{"@id":"https:\/\/fifarma.org\/#\/schema\/logo\/image\/"}},{"@type":"Person","@id":"https:\/\/fifarma.org\/#\/schema\/person\/f1731f7484686defa417316a8fe42068","name":"fifarmacomunicaciones","image":{"@type":"ImageObject","inLanguage":"en-US","@id":"https:\/\/secure.gravatar.com\/avatar\/8af54b74d81934872c5e9bf852bec4021ca6d3043cf2132e25087b2d09318d1c?s=96&d=mm&r=g","url":"https:\/\/secure.gravatar.com\/avatar\/8af54b74d81934872c5e9bf852bec4021ca6d3043cf2132e25087b2d09318d1c?s=96&d=mm&r=g","contentUrl":"https:\/\/secure.gravatar.com\/avatar\/8af54b74d81934872c5e9bf852bec4021ca6d3043cf2132e25087b2d09318d1c?s=96&d=mm&r=g","caption":"fifarmacomunicaciones"}}]}},"_links":{"self":[{"href":"https:\/\/fifarma.org\/en\/wp-json\/wp\/v2\/posts\/7204","targetHints":{"allow":["GET"]}}],"collection":[{"href":"https:\/\/fifarma.org\/en\/wp-json\/wp\/v2\/posts"}],"about":[{"href":"https:\/\/fifarma.org\/en\/wp-json\/wp\/v2\/types\/post"}],"author":[{"embeddable":true,"href":"https:\/\/fifarma.org\/en\/wp-json\/wp\/v2\/users\/24"}],"replies":[{"embeddable":true,"href":"https:\/\/fifarma.org\/en\/wp-json\/wp\/v2\/comments?post=7204"}],"version-history":[{"count":0,"href":"https:\/\/fifarma.org\/en\/wp-json\/wp\/v2\/posts\/7204\/revisions"}],"wp:featuredmedia":[{"embeddable":true,"href":"https:\/\/fifarma.org\/en\/wp-json\/wp\/v2\/media\/7242"}],"wp:attachment":[{"href":"https:\/\/fifarma.org\/en\/wp-json\/wp\/v2\/media?parent=7204"}],"wp:term":[{"taxonomy":"category","embeddable":true,"href":"https:\/\/fifarma.org\/en\/wp-json\/wp\/v2\/categories?post=7204"},{"taxonomy":"post_tag","embeddable":true,"href":"https:\/\/fifarma.org\/en\/wp-json\/wp\/v2\/tags?post=7204"}],"curies":[{"name":"wp","href":"https:\/\/api.w.org\/{rel}","templated":true}]}}